{"id":27941,"date":"2021-01-27T14:45:17","date_gmt":"2021-01-27T19:45:17","guid":{"rendered":"https:\/\/cendrex.p3f.dev\/?p=27941"},"modified":"2026-01-30T13:00:56","modified_gmt":"2026-01-30T18:00:56","slug":"les-industries-cendrex-inc-figurent-au-palmares-des-entreprises-au-feminin-pour-la-deuxieme-annee-consecutive","status":"publish","type":"post","link":"https:\/\/cendrex.com\/fr\/les-industries-cendrex-inc-figurent-au-palmares-des-entreprises-au-feminin-pour-la-deuxieme-annee-consecutive\/","title":{"rendered":"Les Industries Cendrex inc. figurent au Palmar\u00e8s des entreprises au f\u00e9minin pour la deuxi\u00e8me ann\u00e9e cons\u00e9cutive."},"content":{"rendered":"<h1>Les Industries Cendrex inc. figurent au Palmar\u00e8s des entreprises au f\u00e9minin pour la deuxi\u00e8me ann\u00e9e cons\u00e9cutive.<\/h1>\n<h4>Cette ann\u00e9e, les industries Cendrex ont de nouveau l&#8217;honneur de figurer au <a href=\"https:\/\/premieresenaffaires.com\/palmares\/palmares-entreprises-au-feminin-2021-f2lc5\" target=\"_blank\" rel=\"noopener noreferrer\"><em>Palmar\u00e8s des entreprises au f\u00e9minin 2021<\/em><\/a>.<\/h4>\n<p>&nbsp;<\/p>\n<p>Organis\u00e9 par <a href=\"https:\/\/premieresenaffaires.com\/\" target=\"_blank\" rel=\"noopener noreferrer\"><em>Premi\u00e8res en affaires<\/em><\/a>, le d\u00e9voilement de la 2e \u00e9dition a eu lieu le 26 janvier, en matin\u00e9e.<\/p>\n<p>&nbsp;<\/p>\n<p>L&#8217;objectif du Palmar\u00e8s des entreprises au f\u00e9minin est de reconna\u00eetre les entrepreneures \u00e0 la t\u00eate de grandes entreprises qui se distinguent en soutenant la croissance et le d\u00e9veloppement de l&#8217;\u00e9conomie qu\u00e9b\u00e9coise, et ce, en g\u00e9n\u00e9rant un chiffre d&#8217;affaires de plus de 5 M$.<\/p>\n<p>&nbsp;<\/p>\n<p>Cendrex est fi\u00e8re de figurer au Palmar\u00e8s des entreprises au f\u00e9minin, une r\u00e9f\u00e9rence dans les milieux \u00e9conomiques qu\u00e9b\u00e9cois, et exprime sa gratitude envers <a href=\"https:\/\/www.cdpq.com\/fr\/actualites\/communiques\/deuxieme-edition-du-palmares-des-entreprises-au-feminin-du-quebec-110-pme-au\" target=\"_blank\" rel=\"noopener noreferrer\"><strong>la Caisse de d\u00e9p\u00f4t et placement du Qu\u00e9bec<\/strong><\/a> pour cette reconnaissance.<\/p>\n<p>&nbsp;<\/p>\n<p>Francine Pomerleau, pr\u00e9sidente des industries Cendrex, remercie chaleureusement tous les membres de son \u00e9quipe qui permettent \u00e0 l&#8217;entreprise de se d\u00e9passer constamment, en innovant et en s&#8217;illustrant \u00e0 titre de fabricant avant-gardiste de panneaux d&#8217;acc\u00e8s et de bo\u00eetes postales.<\/p>\n<p>&nbsp;<\/p>\n<p>&#8220;Notre r\u00e9ussite comme chef de file ne serait pas possible sans le travail et le service hors pair de nos employ\u00e9s et de nos dirigeants&#8221;, a-t-elle d\u00e9clar\u00e9. &#8220;Ceux-ci partagent les valeurs fondamentales de l&#8217;entreprise depuis ses d\u00e9buts, soit le respect, l&#8217;int\u00e9grit\u00e9, la rigueur et l&#8217;am\u00e9lioration continue. Nous tenons \u00e9galement \u00e0 remercier l&#8217;ensemble de nos partenaires d&#8217;affaires pour leur soutien ind\u00e9fectible.&#8221;<\/p>\n<p>&nbsp;<\/p>\n<p>Le <em>Palmar\u00e8s des entreprises au f\u00e9minin<\/em> de <a href=\"https:\/\/premieresenaffaires.com\/palmares\" target=\"_blank\" rel=\"noopener noreferrer\"><em>Premi\u00e8res en affaires<\/em><\/a> est pr\u00e9sent\u00e9 par la Caisse de d\u00e9p\u00f4t et placement du Qu\u00e9bec. Cette initiative a \u00e9t\u00e9 r\u00e9alis\u00e9 en collaboration avec l&#8217;initiative Femmes, de Banque Scotia et Inno-Centre, le gouvernement du Qu\u00e9bec, l&#8217;\u00c9cole de gestion Molson de Concordia, avec le soutien de la BDC, Femmessor, E&amp;Y et L\u00e9ger, et la participation de l&#8217;Ordre des CPA du Qu\u00e9bec et du R\u00e9seau des femmes d&#8217;affaires du Qu\u00e9bec.<\/p>\n","protected":false},"excerpt":{"rendered":"<p>Cette ann\u00e9e, les industries Cendrex ont de nouveau l&#8217;honneur de figurer au Palmar\u00e8s des entreprises au f\u00e9minin 2021<\/p>\n","protected":false},"author":7,"featured_media":27890,"comment_status":"open","ping_status":"open","sticky":false,"template":"","format":"standard","meta":{"_acf_changed":false,"inline_featured_image":false,"footnotes":""},"categories":[493],"tags":[],"class_list":["post-27941","post","type-post","status-publish","format-standard","has-post-thumbnail","hentry","category-general-fr"],"acf":[],"yoast_head":"<!-- This site is optimized with the Yoast SEO plugin v27.3 - https:\/\/yoast.com\/product\/yoast-seo-wordpress\/ -->\n<title>Les Industries Cendrex inc. figurent au Palmar\u00e8s des entreprises au f\u00e9minin pour la deuxi\u00e8me ann\u00e9e cons\u00e9cutive. - Cendrex<\/title>\n<meta name=\"description\" content=\"Les industries Cendrex ont de nouveau l&#039;honneur de figurer au Palmar\u00e8s des entreprises au f\u00e9minin 2021.\" \/>\n<meta name=\"robots\" content=\"index, follow, max-snippet:-1, max-image-preview:large, max-video-preview:-1\" \/>\n<link rel=\"canonical\" href=\"https:\/\/cendrex.com\/fr\/les-industries-cendrex-inc-figurent-au-palmares-des-entreprises-au-feminin-pour-la-deuxieme-annee-consecutive\/\" \/>\n<meta property=\"og:locale\" content=\"fr_CA\" \/>\n<meta property=\"og:type\" content=\"article\" \/>\n<meta property=\"og:title\" content=\"Les Industries Cendrex inc. figurent au Palmar\u00e8s des entreprises au f\u00e9minin pour la deuxi\u00e8me ann\u00e9e cons\u00e9cutive. - Cendrex\" \/>\n<meta property=\"og:description\" content=\"Les industries Cendrex ont de nouveau l&#039;honneur de figurer au Palmar\u00e8s des entreprises au f\u00e9minin 2021.\" \/>\n<meta property=\"og:url\" content=\"https:\/\/cendrex.com\/fr\/les-industries-cendrex-inc-figurent-au-palmares-des-entreprises-au-feminin-pour-la-deuxieme-annee-consecutive\/\" \/>\n<meta property=\"og:site_name\" content=\"Cendrex\" \/>\n<meta property=\"article:published_time\" content=\"2021-01-27T19:45:17+00:00\" \/>\n<meta property=\"article:modified_time\" content=\"2026-01-30T18:00:56+00:00\" \/>\n<meta property=\"og:image\" content=\"https:\/\/cendrex.com\/wp-content\/uploads\/2021\/01\/2571_Cendrex_RSJanvier_PremiereEnAffaire_Siteweb_VF.jpg\" \/>\n\t<meta property=\"og:image:width\" content=\"1980\" \/>\n\t<meta property=\"og:image:height\" content=\"400\" \/>\n\t<meta property=\"og:image:type\" content=\"image\/jpeg\" \/>\n<meta name=\"author\" content=\"Les industries Cendrex\" \/>\n<meta name=\"twitter:card\" content=\"summary_large_image\" \/>\n<meta name=\"twitter:label1\" content=\"\u00c9crit par\" \/>\n\t<meta name=\"twitter:data1\" content=\"Les industries Cendrex\" \/>\n\t<meta name=\"twitter:label2\" content=\"Estimation du temps de lecture\" \/>\n\t<meta name=\"twitter:data2\" content=\"2 minutes\" \/>\n<script type=\"application\/ld+json\" class=\"yoast-schema-graph\">{\"@context\":\"https:\\\/\\\/schema.org\",\"@graph\":[{\"@type\":\"Article\",\"@id\":\"https:\\\/\\\/cendrex.com\\\/fr\\\/les-industries-cendrex-inc-figurent-au-palmares-des-entreprises-au-feminin-pour-la-deuxieme-annee-consecutive\\\/#article\",\"isPartOf\":{\"@id\":\"https:\\\/\\\/cendrex.com\\\/fr\\\/les-industries-cendrex-inc-figurent-au-palmares-des-entreprises-au-feminin-pour-la-deuxieme-annee-consecutive\\\/\"},\"author\":{\"name\":\"Les industries Cendrex\",\"@id\":\"https:\\\/\\\/cendrex.com\\\/en\\\/#\\\/schema\\\/person\\\/fe95885e673dc7c8bf6855963c264472\"},\"headline\":\"Les Industries Cendrex inc. figurent au Palmar\u00e8s des entreprises au f\u00e9minin pour la deuxi\u00e8me ann\u00e9e cons\u00e9cutive.\",\"datePublished\":\"2021-01-27T19:45:17+00:00\",\"dateModified\":\"2026-01-30T18:00:56+00:00\",\"mainEntityOfPage\":{\"@id\":\"https:\\\/\\\/cendrex.com\\\/fr\\\/les-industries-cendrex-inc-figurent-au-palmares-des-entreprises-au-feminin-pour-la-deuxieme-annee-consecutive\\\/\"},\"wordCount\":394,\"commentCount\":0,\"publisher\":{\"@id\":\"https:\\\/\\\/cendrex.com\\\/en\\\/#organization\"},\"image\":{\"@id\":\"https:\\\/\\\/cendrex.com\\\/fr\\\/les-industries-cendrex-inc-figurent-au-palmares-des-entreprises-au-feminin-pour-la-deuxieme-annee-consecutive\\\/#primaryimage\"},\"thumbnailUrl\":\"https:\\\/\\\/cendrex.com\\\/wp-content\\\/uploads\\\/2021\\\/01\\\/2571_Cendrex_RSJanvier_PremiereEnAffaire_Siteweb_VF.jpg\",\"articleSection\":[\"G\u00e9n\u00e9rales\"],\"inLanguage\":\"fr-CA\",\"potentialAction\":[{\"@type\":\"CommentAction\",\"name\":\"Comment\",\"target\":[\"https:\\\/\\\/cendrex.com\\\/fr\\\/les-industries-cendrex-inc-figurent-au-palmares-des-entreprises-au-feminin-pour-la-deuxieme-annee-consecutive\\\/#respond\"]}]},{\"@type\":\"WebPage\",\"@id\":\"https:\\\/\\\/cendrex.com\\\/fr\\\/les-industries-cendrex-inc-figurent-au-palmares-des-entreprises-au-feminin-pour-la-deuxieme-annee-consecutive\\\/\",\"url\":\"https:\\\/\\\/cendrex.com\\\/fr\\\/les-industries-cendrex-inc-figurent-au-palmares-des-entreprises-au-feminin-pour-la-deuxieme-annee-consecutive\\\/\",\"name\":\"Les Industries Cendrex inc. figurent au Palmar\u00e8s des entreprises au f\u00e9minin pour la deuxi\u00e8me ann\u00e9e cons\u00e9cutive. - Cendrex\",\"isPartOf\":{\"@id\":\"https:\\\/\\\/cendrex.com\\\/en\\\/#website\"},\"primaryImageOfPage\":{\"@id\":\"https:\\\/\\\/cendrex.com\\\/fr\\\/les-industries-cendrex-inc-figurent-au-palmares-des-entreprises-au-feminin-pour-la-deuxieme-annee-consecutive\\\/#primaryimage\"},\"image\":{\"@id\":\"https:\\\/\\\/cendrex.com\\\/fr\\\/les-industries-cendrex-inc-figurent-au-palmares-des-entreprises-au-feminin-pour-la-deuxieme-annee-consecutive\\\/#primaryimage\"},\"thumbnailUrl\":\"https:\\\/\\\/cendrex.com\\\/wp-content\\\/uploads\\\/2021\\\/01\\\/2571_Cendrex_RSJanvier_PremiereEnAffaire_Siteweb_VF.jpg\",\"datePublished\":\"2021-01-27T19:45:17+00:00\",\"dateModified\":\"2026-01-30T18:00:56+00:00\",\"description\":\"Les industries Cendrex ont de nouveau l'honneur de figurer au Palmar\u00e8s des entreprises au f\u00e9minin 2021.\",\"inLanguage\":\"fr-CA\",\"potentialAction\":[{\"@type\":\"ReadAction\",\"target\":[\"https:\\\/\\\/cendrex.com\\\/fr\\\/les-industries-cendrex-inc-figurent-au-palmares-des-entreprises-au-feminin-pour-la-deuxieme-annee-consecutive\\\/\"]}]},{\"@type\":\"ImageObject\",\"inLanguage\":\"fr-CA\",\"@id\":\"https:\\\/\\\/cendrex.com\\\/fr\\\/les-industries-cendrex-inc-figurent-au-palmares-des-entreprises-au-feminin-pour-la-deuxieme-annee-consecutive\\\/#primaryimage\",\"url\":\"https:\\\/\\\/cendrex.com\\\/wp-content\\\/uploads\\\/2021\\\/01\\\/2571_Cendrex_RSJanvier_PremiereEnAffaire_Siteweb_VF.jpg\",\"contentUrl\":\"https:\\\/\\\/cendrex.com\\\/wp-content\\\/uploads\\\/2021\\\/01\\\/2571_Cendrex_RSJanvier_PremiereEnAffaire_Siteweb_VF.jpg\",\"width\":1980,\"height\":400,\"caption\":\"Cendrex- Palmar\u00e8s des entreprises au f\u00e9minin\"},{\"@type\":\"WebSite\",\"@id\":\"https:\\\/\\\/cendrex.com\\\/en\\\/#website\",\"url\":\"https:\\\/\\\/cendrex.com\\\/en\\\/\",\"name\":\"Cendrex\",\"description\":\"Fabricant de portes d&#039;acc\u00e8s\",\"publisher\":{\"@id\":\"https:\\\/\\\/cendrex.com\\\/en\\\/#organization\"},\"potentialAction\":[{\"@type\":\"SearchAction\",\"target\":{\"@type\":\"EntryPoint\",\"urlTemplate\":\"https:\\\/\\\/cendrex.com\\\/en\\\/?s={search_term_string}\"},\"query-input\":{\"@type\":\"PropertyValueSpecification\",\"valueRequired\":true,\"valueName\":\"search_term_string\"}}],\"inLanguage\":\"fr-CA\"},{\"@type\":\"Organization\",\"@id\":\"https:\\\/\\\/cendrex.com\\\/en\\\/#organization\",\"name\":\"Cendrex\",\"url\":\"https:\\\/\\\/cendrex.com\\\/en\\\/\",\"logo\":{\"@type\":\"ImageObject\",\"inLanguage\":\"fr-CA\",\"@id\":\"https:\\\/\\\/cendrex.com\\\/en\\\/#\\\/schema\\\/logo\\\/image\\\/\",\"url\":\"https:\\\/\\\/cendrex.com\\\/wp-content\\\/uploads\\\/2021\\\/09\\\/Cendrex-logo-2018-PMS-scaled.jpg\",\"contentUrl\":\"https:\\\/\\\/cendrex.com\\\/wp-content\\\/uploads\\\/2021\\\/09\\\/Cendrex-logo-2018-PMS-scaled.jpg\",\"width\":1200,\"height\":267,\"caption\":\"Cendrex\"},\"image\":{\"@id\":\"https:\\\/\\\/cendrex.com\\\/en\\\/#\\\/schema\\\/logo\\\/image\\\/\"}},{\"@type\":\"Person\",\"@id\":\"https:\\\/\\\/cendrex.com\\\/en\\\/#\\\/schema\\\/person\\\/fe95885e673dc7c8bf6855963c264472\",\"name\":\"Les industries Cendrex\",\"image\":{\"@type\":\"ImageObject\",\"inLanguage\":\"fr-CA\",\"@id\":\"https:\\\/\\\/secure.gravatar.com\\\/avatar\\\/216b30b942a3f0bc5355ceaa0aaff10f5b24b1ee1471655fed5157bb226bd220?s=96&d=mm&r=g\",\"url\":\"https:\\\/\\\/secure.gravatar.com\\\/avatar\\\/216b30b942a3f0bc5355ceaa0aaff10f5b24b1ee1471655fed5157bb226bd220?s=96&d=mm&r=g\",\"contentUrl\":\"https:\\\/\\\/secure.gravatar.com\\\/avatar\\\/216b30b942a3f0bc5355ceaa0aaff10f5b24b1ee1471655fed5157bb226bd220?s=96&d=mm&r=g\",\"caption\":\"Les industries Cendrex\"}}]}<\/script>\n<!-- \/ Yoast SEO plugin. -->","yoast_head_json":{"title":"Les Industries Cendrex inc. figurent au Palmar\u00e8s des entreprises au f\u00e9minin pour la deuxi\u00e8me ann\u00e9e cons\u00e9cutive. - Cendrex","description":"Les industries Cendrex ont de nouveau l'honneur de figurer au Palmar\u00e8s des entreprises au f\u00e9minin 2021.","robots":{"index":"index","follow":"follow","max-snippet":"max-snippet:-1","max-image-preview":"max-image-preview:large","max-video-preview":"max-video-preview:-1"},"canonical":"https:\/\/cendrex.com\/fr\/les-industries-cendrex-inc-figurent-au-palmares-des-entreprises-au-feminin-pour-la-deuxieme-annee-consecutive\/","og_locale":"fr_CA","og_type":"article","og_title":"Les Industries Cendrex inc. figurent au Palmar\u00e8s des entreprises au f\u00e9minin pour la deuxi\u00e8me ann\u00e9e cons\u00e9cutive. - Cendrex","og_description":"Les industries Cendrex ont de nouveau l'honneur de figurer au Palmar\u00e8s des entreprises au f\u00e9minin 2021.","og_url":"https:\/\/cendrex.com\/fr\/les-industries-cendrex-inc-figurent-au-palmares-des-entreprises-au-feminin-pour-la-deuxieme-annee-consecutive\/","og_site_name":"Cendrex","article_published_time":"2021-01-27T19:45:17+00:00","article_modified_time":"2026-01-30T18:00:56+00:00","og_image":[{"width":1980,"height":400,"url":"https:\/\/cendrex.com\/wp-content\/uploads\/2021\/01\/2571_Cendrex_RSJanvier_PremiereEnAffaire_Siteweb_VF.jpg","type":"image\/jpeg"}],"author":"Les industries Cendrex","twitter_card":"summary_large_image","twitter_misc":{"\u00c9crit par":"Les industries Cendrex","Estimation du temps de lecture":"2 minutes"},"schema":{"@context":"https:\/\/schema.org","@graph":[{"@type":"Article","@id":"https:\/\/cendrex.com\/fr\/les-industries-cendrex-inc-figurent-au-palmares-des-entreprises-au-feminin-pour-la-deuxieme-annee-consecutive\/#article","isPartOf":{"@id":"https:\/\/cendrex.com\/fr\/les-industries-cendrex-inc-figurent-au-palmares-des-entreprises-au-feminin-pour-la-deuxieme-annee-consecutive\/"},"author":{"name":"Les industries Cendrex","@id":"https:\/\/cendrex.com\/en\/#\/schema\/person\/fe95885e673dc7c8bf6855963c264472"},"headline":"Les Industries Cendrex inc. figurent au Palmar\u00e8s des entreprises au f\u00e9minin pour la deuxi\u00e8me ann\u00e9e cons\u00e9cutive.","datePublished":"2021-01-27T19:45:17+00:00","dateModified":"2026-01-30T18:00:56+00:00","mainEntityOfPage":{"@id":"https:\/\/cendrex.com\/fr\/les-industries-cendrex-inc-figurent-au-palmares-des-entreprises-au-feminin-pour-la-deuxieme-annee-consecutive\/"},"wordCount":394,"commentCount":0,"publisher":{"@id":"https:\/\/cendrex.com\/en\/#organization"},"image":{"@id":"https:\/\/cendrex.com\/fr\/les-industries-cendrex-inc-figurent-au-palmares-des-entreprises-au-feminin-pour-la-deuxieme-annee-consecutive\/#primaryimage"},"thumbnailUrl":"https:\/\/cendrex.com\/wp-content\/uploads\/2021\/01\/2571_Cendrex_RSJanvier_PremiereEnAffaire_Siteweb_VF.jpg","articleSection":["G\u00e9n\u00e9rales"],"inLanguage":"fr-CA","potentialAction":[{"@type":"CommentAction","name":"Comment","target":["https:\/\/cendrex.com\/fr\/les-industries-cendrex-inc-figurent-au-palmares-des-entreprises-au-feminin-pour-la-deuxieme-annee-consecutive\/#respond"]}]},{"@type":"WebPage","@id":"https:\/\/cendrex.com\/fr\/les-industries-cendrex-inc-figurent-au-palmares-des-entreprises-au-feminin-pour-la-deuxieme-annee-consecutive\/","url":"https:\/\/cendrex.com\/fr\/les-industries-cendrex-inc-figurent-au-palmares-des-entreprises-au-feminin-pour-la-deuxieme-annee-consecutive\/","name":"Les Industries Cendrex inc. figurent au Palmar\u00e8s des entreprises au f\u00e9minin pour la deuxi\u00e8me ann\u00e9e cons\u00e9cutive. - Cendrex","isPartOf":{"@id":"https:\/\/cendrex.com\/en\/#website"},"primaryImageOfPage":{"@id":"https:\/\/cendrex.com\/fr\/les-industries-cendrex-inc-figurent-au-palmares-des-entreprises-au-feminin-pour-la-deuxieme-annee-consecutive\/#primaryimage"},"image":{"@id":"https:\/\/cendrex.com\/fr\/les-industries-cendrex-inc-figurent-au-palmares-des-entreprises-au-feminin-pour-la-deuxieme-annee-consecutive\/#primaryimage"},"thumbnailUrl":"https:\/\/cendrex.com\/wp-content\/uploads\/2021\/01\/2571_Cendrex_RSJanvier_PremiereEnAffaire_Siteweb_VF.jpg","datePublished":"2021-01-27T19:45:17+00:00","dateModified":"2026-01-30T18:00:56+00:00","description":"Les industries Cendrex ont de nouveau l'honneur de figurer au Palmar\u00e8s des entreprises au f\u00e9minin 2021.","inLanguage":"fr-CA","potentialAction":[{"@type":"ReadAction","target":["https:\/\/cendrex.com\/fr\/les-industries-cendrex-inc-figurent-au-palmares-des-entreprises-au-feminin-pour-la-deuxieme-annee-consecutive\/"]}]},{"@type":"ImageObject","inLanguage":"fr-CA","@id":"https:\/\/cendrex.com\/fr\/les-industries-cendrex-inc-figurent-au-palmares-des-entreprises-au-feminin-pour-la-deuxieme-annee-consecutive\/#primaryimage","url":"https:\/\/cendrex.com\/wp-content\/uploads\/2021\/01\/2571_Cendrex_RSJanvier_PremiereEnAffaire_Siteweb_VF.jpg","contentUrl":"https:\/\/cendrex.com\/wp-content\/uploads\/2021\/01\/2571_Cendrex_RSJanvier_PremiereEnAffaire_Siteweb_VF.jpg","width":1980,"height":400,"caption":"Cendrex- Palmar\u00e8s des entreprises au f\u00e9minin"},{"@type":"WebSite","@id":"https:\/\/cendrex.com\/en\/#website","url":"https:\/\/cendrex.com\/en\/","name":"Cendrex","description":"Fabricant de portes d&#039;acc\u00e8s","publisher":{"@id":"https:\/\/cendrex.com\/en\/#organization"},"potentialAction":[{"@type":"SearchAction","target":{"@type":"EntryPoint","urlTemplate":"https:\/\/cendrex.com\/en\/?s={search_term_string}"},"query-input":{"@type":"PropertyValueSpecification","valueRequired":true,"valueName":"search_term_string"}}],"inLanguage":"fr-CA"},{"@type":"Organization","@id":"https:\/\/cendrex.com\/en\/#organization","name":"Cendrex","url":"https:\/\/cendrex.com\/en\/","logo":{"@type":"ImageObject","inLanguage":"fr-CA","@id":"https:\/\/cendrex.com\/en\/#\/schema\/logo\/image\/","url":"https:\/\/cendrex.com\/wp-content\/uploads\/2021\/09\/Cendrex-logo-2018-PMS-scaled.jpg","contentUrl":"https:\/\/cendrex.com\/wp-content\/uploads\/2021\/09\/Cendrex-logo-2018-PMS-scaled.jpg","width":1200,"height":267,"caption":"Cendrex"},"image":{"@id":"https:\/\/cendrex.com\/en\/#\/schema\/logo\/image\/"}},{"@type":"Person","@id":"https:\/\/cendrex.com\/en\/#\/schema\/person\/fe95885e673dc7c8bf6855963c264472","name":"Les industries Cendrex","image":{"@type":"ImageObject","inLanguage":"fr-CA","@id":"https:\/\/secure.gravatar.com\/avatar\/216b30b942a3f0bc5355ceaa0aaff10f5b24b1ee1471655fed5157bb226bd220?s=96&d=mm&r=g","url":"https:\/\/secure.gravatar.com\/avatar\/216b30b942a3f0bc5355ceaa0aaff10f5b24b1ee1471655fed5157bb226bd220?s=96&d=mm&r=g","contentUrl":"https:\/\/secure.gravatar.com\/avatar\/216b30b942a3f0bc5355ceaa0aaff10f5b24b1ee1471655fed5157bb226bd220?s=96&d=mm&r=g","caption":"Les industries Cendrex"}}]}},"_links":{"self":[{"href":"https:\/\/cendrex.com\/fr\/wp-json\/wp\/v2\/posts\/27941","targetHints":{"allow":["GET"]}}],"collection":[{"href":"https:\/\/cendrex.com\/fr\/wp-json\/wp\/v2\/posts"}],"about":[{"href":"https:\/\/cendrex.com\/fr\/wp-json\/wp\/v2\/types\/post"}],"author":[{"embeddable":true,"href":"https:\/\/cendrex.com\/fr\/wp-json\/wp\/v2\/users\/7"}],"replies":[{"embeddable":true,"href":"https:\/\/cendrex.com\/fr\/wp-json\/wp\/v2\/comments?post=27941"}],"version-history":[{"count":4,"href":"https:\/\/cendrex.com\/fr\/wp-json\/wp\/v2\/posts\/27941\/revisions"}],"predecessor-version":[{"id":45793,"href":"https:\/\/cendrex.com\/fr\/wp-json\/wp\/v2\/posts\/27941\/revisions\/45793"}],"wp:featuredmedia":[{"embeddable":true,"href":"https:\/\/cendrex.com\/fr\/wp-json\/wp\/v2\/media\/27890"}],"wp:attachment":[{"href":"https:\/\/cendrex.com\/fr\/wp-json\/wp\/v2\/media?parent=27941"}],"wp:term":[{"taxonomy":"category","embeddable":true,"href":"https:\/\/cendrex.com\/fr\/wp-json\/wp\/v2\/categories?post=27941"},{"taxonomy":"post_tag","embeddable":true,"href":"https:\/\/cendrex.com\/fr\/wp-json\/wp\/v2\/tags?post=27941"}],"curies":[{"name":"wp","href":"https:\/\/api.w.org\/{rel}","templated":true}]}}