{"id":27023,"date":"2020-10-23T14:50:42","date_gmt":"2020-10-23T18:50:42","guid":{"rendered":"https:\/\/cendrex.p3f.dev\/cendrex-wins-the-2020-maurice-pollack-award\/"},"modified":"2026-01-30T13:40:50","modified_gmt":"2026-01-30T18:40:50","slug":"cendrex-wins-the-2020-maurice-pollack-award","status":"publish","type":"post","link":"https:\/\/cendrex.com\/fr\/cendrex-wins-the-2020-maurice-pollack-award\/","title":{"rendered":"Cendrex remporte le prix Maurice-Pollack 2020!"},"content":{"rendered":"\r\n<h1>Cendrex remporte le prix Maurice-Pollack 2020!<\/h1>\r\n<figure class=\"wp-block-embed-youtube wp-block-embed is-type-video is-provider-youtube wp-embed-aspect-16-9 wp-has-aspect-ratio\">\r\n<div class=\"wp-block-embed__wrapper\">https:\/\/youtu.be\/0YweMYBkD7Y<\/div>\r\n<\/figure>\r\n\r\n\r\n\r\n<p>L\u2019annonce en a \u00e9t\u00e9 faite le 22 octobre dernier par M<sup>me<\/sup> Nadine Girault, <a href=\"http:\/\/mrif.gouv.qc.ca\/\" target=\"_blank\" rel=\"noreferrer noopener\" aria-label=\"undefined (opens in a new tab)\">ministre des Relations internationales et de la Francophonie et ministre de l\u2019Immigration du Qu\u00e9bec<\/a>, et de M. Charles Milliard, pr\u00e9sident et directeur g\u00e9n\u00e9ral de la <a href=\"http:\/\/www1.fccq.ca\" target=\"_blank\" rel=\"noreferrer noopener\" aria-label=\"undefined (opens in a new tab)\">F\u00e9d\u00e9ration des chambres de commerce du Qu\u00e9bec<\/a>.\u00a0<\/p>\r\n\r\n\r\n\r\n<p>&nbsp;<\/p>\r\n\r\n\r\n\r\n<p>Le prix Maurice-Pollack r\u00e9compense les employeurs pour leurs actions exceptionnelles en mati\u00e8re de gestion de la diversit\u00e9. Il est organis\u00e9 par le minist\u00e8re de l\u2019Immigration, de la Francisation et de l\u2019Int\u00e9gration du Qu\u00e9bec en collaboration avec la F\u00e9d\u00e9ration des chambres de commerce du Qu\u00e9bec. Cendrex a remport\u00e9 le prix dans le volet PME, alors qu\u2019Olymel est laur\u00e9ate dans le volet Grande entreprise.<\/p>\r\n\r\n\r\n\r\n<p>&nbsp;<\/p>\r\n\r\n\r\n\r\n<p>Il s\u2019agit d\u2019une r\u00e9compense bien m\u00e9rit\u00e9e pour Cendrex, o\u00f9 le terme <em>diversit\u00e9<\/em> englobe la diversit\u00e9 ethnoculturelle, mais \u00e9galement les femmes qui \u0153uvrent dans le secteur manufacturier, les personnes qui vivent avec des limitations physiques ou intellectuelles, ainsi que les personnes de diverses orientations sexuelles.<\/p>\r\n\r\n\r\n\r\n\r\n\r\n<p>&nbsp;<\/p>\r\n\r\n\r\n\r\n<p>\u00ab\u00a0L\u2019entreprise, qui a d\u2019ailleurs d\u00e9j\u00e0 \u00e9t\u00e9 laur\u00e9ate au gala MercadOr Qu\u00e9bec, est compos\u00e9e d\u2019individus originaires de 17 pays diff\u00e9rents, qui ensemble ma\u00eetrisent une dizaine de langues, a soulign\u00e9 M<sup>me<\/sup> Nadine Girault, ministre des Relations internationales et de la Francophonie et ministre de l\u2019Immigration du Qu\u00e9bec. Chaque employ\u00e9 est encourag\u00e9 \u00e0 d\u00e9velopper son expertise et sa polyvalence afin de progresser au sein de l\u2019entreprise.\u00a0\u00bb\u00a0<\/p>\r\n\r\n\r\n\r\n\r\n\r\n<p>&nbsp;<\/p>\r\n\r\n\r\n\r\n<p>\u00ab\u00a0Je suis vraiment tr\u00e8s fi\u00e8re de recevoir le prix Maurice-Pollack au nom de toute la merveilleuse \u00e9quipe avec qui j\u2019ai le plaisir de travailler au quotidien\u00a0\u00bb, a d\u00e9clar\u00e9 Francine Pomerleau, pr\u00e9sidente de Cendrex. \u00ab\u00a0Ce prix vient souligner la contribution de tous les membres de l\u2019\u00e9quipe, et je tiens \u00e0 les remercier sinc\u00e8rement.\u00a0\u00bb<\/p>\r\n\r\n\r\n\r\n\r\n\r\n<p>&nbsp;<\/p>\r\n\r\n\r\n\r\n<p>La direction des industries Cendrex f\u00e9licite Olymel, l\u2019autre entreprise laur\u00e9ate, et l\u2019ensemble des finalistes. Elle tient \u00e9galement \u00e0 remercier le minist\u00e8re de l\u2019Immigration, de la Francisation et de l\u2019Int\u00e9gration du Qu\u00e9bec ainsi que la F\u00e9d\u00e9ration des chambres de commerce du Qu\u00e9bec.<\/p>\r\n\r\n\r\n\r\n\r\n\r\n\r\n\r\n\r\n\r\n\r\n","protected":false},"excerpt":{"rendered":"<p>L\u2019annonce en a \u00e9t\u00e9 faite le 22 octobre dernier par Mme Nadine Girault, ministre des Relations internationales et de la Francophonie et ministre de l\u2019Immigration du Qu\u00e9bec, et de M&#8230;. <br \/><a class=\"read-more\" href=\"https:\/\/cendrex.com\/fr\/cendrex-wins-the-2020-maurice-pollack-award\/\">Continuer la lecture<\/a><\/p>\n","protected":false},"author":6,"featured_media":27042,"comment_status":"closed","ping_status":"closed","sticky":false,"template":"","format":"standard","meta":{"_acf_changed":false,"inline_featured_image":false,"footnotes":""},"categories":[493],"tags":[],"class_list":["post-27023","post","type-post","status-publish","format-standard","has-post-thumbnail","hentry","category-general-fr"],"acf":[],"yoast_head":"<!-- This site is optimized with the Yoast SEO plugin v27.3 - https:\/\/yoast.com\/product\/yoast-seo-wordpress\/ -->\n<title>Cendrex remporte le prix Maurice-Pollack 2020! - Cendrex<\/title>\n<meta name=\"description\" content=\"Cendrex remporte le prix Maurice-Pollack 2020 dans la cat\u00e9gorie PME, r\u00e9compensant ses actions exceptionnelles en mati\u00e8re de gestion de la diversit\u00e9.\" \/>\n<meta name=\"robots\" content=\"index, follow, max-snippet:-1, max-image-preview:large, max-video-preview:-1\" \/>\n<link rel=\"canonical\" href=\"https:\/\/cendrex.com\/fr\/cendrex-wins-the-2020-maurice-pollack-award\/\" \/>\n<meta property=\"og:locale\" content=\"fr_CA\" \/>\n<meta property=\"og:type\" content=\"article\" \/>\n<meta property=\"og:title\" content=\"Cendrex remporte le prix Maurice-Pollack 2020! - Cendrex\" \/>\n<meta property=\"og:description\" content=\"Cendrex remporte le prix Maurice-Pollack 2020 dans la cat\u00e9gorie PME, r\u00e9compensant ses actions exceptionnelles en mati\u00e8re de gestion de la diversit\u00e9.\" \/>\n<meta property=\"og:url\" content=\"https:\/\/cendrex.com\/fr\/cendrex-wins-the-2020-maurice-pollack-award\/\" \/>\n<meta property=\"og:site_name\" content=\"Cendrex\" \/>\n<meta property=\"article:published_time\" content=\"2020-10-23T18:50:42+00:00\" \/>\n<meta property=\"article:modified_time\" content=\"2026-01-30T18:40:50+00:00\" \/>\n<meta property=\"og:image\" content=\"https:\/\/cendrex.com\/wp-content\/uploads\/2020\/10\/Photo_article-maurice-pollack_PME.png\" \/>\n\t<meta property=\"og:image:width\" content=\"1980\" \/>\n\t<meta property=\"og:image:height\" content=\"400\" \/>\n\t<meta property=\"og:image:type\" content=\"image\/png\" \/>\n<meta name=\"author\" content=\"servicestation\" \/>\n<meta name=\"twitter:card\" content=\"summary_large_image\" \/>\n<meta name=\"twitter:label1\" content=\"\u00c9crit par\" \/>\n\t<meta name=\"twitter:data1\" content=\"servicestation\" \/>\n\t<meta name=\"twitter:label2\" content=\"Estimation du temps de lecture\" \/>\n\t<meta name=\"twitter:data2\" content=\"2 minutes\" \/>\n<script type=\"application\/ld+json\" class=\"yoast-schema-graph\">{\"@context\":\"https:\\\/\\\/schema.org\",\"@graph\":[{\"@type\":\"Article\",\"@id\":\"https:\\\/\\\/cendrex.com\\\/fr\\\/cendrex-wins-the-2020-maurice-pollack-award\\\/#article\",\"isPartOf\":{\"@id\":\"https:\\\/\\\/cendrex.com\\\/fr\\\/cendrex-wins-the-2020-maurice-pollack-award\\\/\"},\"author\":{\"name\":\"servicestation\",\"@id\":\"https:\\\/\\\/cendrex.com\\\/en\\\/#\\\/schema\\\/person\\\/2c547519ea561de458a231c3f1170281\"},\"headline\":\"Cendrex remporte le prix Maurice-Pollack 2020!\",\"datePublished\":\"2020-10-23T18:50:42+00:00\",\"dateModified\":\"2026-01-30T18:40:50+00:00\",\"mainEntityOfPage\":{\"@id\":\"https:\\\/\\\/cendrex.com\\\/fr\\\/cendrex-wins-the-2020-maurice-pollack-award\\\/\"},\"wordCount\":380,\"publisher\":{\"@id\":\"https:\\\/\\\/cendrex.com\\\/en\\\/#organization\"},\"image\":{\"@id\":\"https:\\\/\\\/cendrex.com\\\/fr\\\/cendrex-wins-the-2020-maurice-pollack-award\\\/#primaryimage\"},\"thumbnailUrl\":\"https:\\\/\\\/cendrex.com\\\/wp-content\\\/uploads\\\/2020\\\/10\\\/Photo_article-maurice-pollack_PME.png\",\"articleSection\":[\"G\u00e9n\u00e9rales\"],\"inLanguage\":\"fr-CA\"},{\"@type\":\"WebPage\",\"@id\":\"https:\\\/\\\/cendrex.com\\\/fr\\\/cendrex-wins-the-2020-maurice-pollack-award\\\/\",\"url\":\"https:\\\/\\\/cendrex.com\\\/fr\\\/cendrex-wins-the-2020-maurice-pollack-award\\\/\",\"name\":\"Cendrex remporte le prix Maurice-Pollack 2020! - Cendrex\",\"isPartOf\":{\"@id\":\"https:\\\/\\\/cendrex.com\\\/en\\\/#website\"},\"primaryImageOfPage\":{\"@id\":\"https:\\\/\\\/cendrex.com\\\/fr\\\/cendrex-wins-the-2020-maurice-pollack-award\\\/#primaryimage\"},\"image\":{\"@id\":\"https:\\\/\\\/cendrex.com\\\/fr\\\/cendrex-wins-the-2020-maurice-pollack-award\\\/#primaryimage\"},\"thumbnailUrl\":\"https:\\\/\\\/cendrex.com\\\/wp-content\\\/uploads\\\/2020\\\/10\\\/Photo_article-maurice-pollack_PME.png\",\"datePublished\":\"2020-10-23T18:50:42+00:00\",\"dateModified\":\"2026-01-30T18:40:50+00:00\",\"description\":\"Cendrex remporte le prix Maurice-Pollack 2020 dans la cat\u00e9gorie PME, r\u00e9compensant ses actions exceptionnelles en mati\u00e8re de gestion de la diversit\u00e9.\",\"inLanguage\":\"fr-CA\",\"potentialAction\":[{\"@type\":\"ReadAction\",\"target\":[\"https:\\\/\\\/cendrex.com\\\/fr\\\/cendrex-wins-the-2020-maurice-pollack-award\\\/\"]}]},{\"@type\":\"ImageObject\",\"inLanguage\":\"fr-CA\",\"@id\":\"https:\\\/\\\/cendrex.com\\\/fr\\\/cendrex-wins-the-2020-maurice-pollack-award\\\/#primaryimage\",\"url\":\"https:\\\/\\\/cendrex.com\\\/wp-content\\\/uploads\\\/2020\\\/10\\\/Photo_article-maurice-pollack_PME.png\",\"contentUrl\":\"https:\\\/\\\/cendrex.com\\\/wp-content\\\/uploads\\\/2020\\\/10\\\/Photo_article-maurice-pollack_PME.png\",\"width\":1980,\"height\":400,\"caption\":\"Photo article maurice pollack PME\"},{\"@type\":\"WebSite\",\"@id\":\"https:\\\/\\\/cendrex.com\\\/en\\\/#website\",\"url\":\"https:\\\/\\\/cendrex.com\\\/en\\\/\",\"name\":\"Cendrex\",\"description\":\"Fabricant de portes d&#039;acc\u00e8s\",\"publisher\":{\"@id\":\"https:\\\/\\\/cendrex.com\\\/en\\\/#organization\"},\"potentialAction\":[{\"@type\":\"SearchAction\",\"target\":{\"@type\":\"EntryPoint\",\"urlTemplate\":\"https:\\\/\\\/cendrex.com\\\/en\\\/?s={search_term_string}\"},\"query-input\":{\"@type\":\"PropertyValueSpecification\",\"valueRequired\":true,\"valueName\":\"search_term_string\"}}],\"inLanguage\":\"fr-CA\"},{\"@type\":\"Organization\",\"@id\":\"https:\\\/\\\/cendrex.com\\\/en\\\/#organization\",\"name\":\"Cendrex\",\"url\":\"https:\\\/\\\/cendrex.com\\\/en\\\/\",\"logo\":{\"@type\":\"ImageObject\",\"inLanguage\":\"fr-CA\",\"@id\":\"https:\\\/\\\/cendrex.com\\\/en\\\/#\\\/schema\\\/logo\\\/image\\\/\",\"url\":\"https:\\\/\\\/cendrex.com\\\/wp-content\\\/uploads\\\/2021\\\/09\\\/Cendrex-logo-2018-PMS-scaled.jpg\",\"contentUrl\":\"https:\\\/\\\/cendrex.com\\\/wp-content\\\/uploads\\\/2021\\\/09\\\/Cendrex-logo-2018-PMS-scaled.jpg\",\"width\":1200,\"height\":267,\"caption\":\"Cendrex\"},\"image\":{\"@id\":\"https:\\\/\\\/cendrex.com\\\/en\\\/#\\\/schema\\\/logo\\\/image\\\/\"}},{\"@type\":\"Person\",\"@id\":\"https:\\\/\\\/cendrex.com\\\/en\\\/#\\\/schema\\\/person\\\/2c547519ea561de458a231c3f1170281\",\"name\":\"servicestation\",\"image\":{\"@type\":\"ImageObject\",\"inLanguage\":\"fr-CA\",\"@id\":\"https:\\\/\\\/secure.gravatar.com\\\/avatar\\\/ba222de84c51080e597bef699a56316fc5258ec6976796b490d2b6c59e237edc?s=96&d=mm&r=g\",\"url\":\"https:\\\/\\\/secure.gravatar.com\\\/avatar\\\/ba222de84c51080e597bef699a56316fc5258ec6976796b490d2b6c59e237edc?s=96&d=mm&r=g\",\"contentUrl\":\"https:\\\/\\\/secure.gravatar.com\\\/avatar\\\/ba222de84c51080e597bef699a56316fc5258ec6976796b490d2b6c59e237edc?s=96&d=mm&r=g\",\"caption\":\"servicestation\"}}]}<\/script>\n<!-- \/ Yoast SEO plugin. -->","yoast_head_json":{"title":"Cendrex remporte le prix Maurice-Pollack 2020! - Cendrex","description":"Cendrex remporte le prix Maurice-Pollack 2020 dans la cat\u00e9gorie PME, r\u00e9compensant ses actions exceptionnelles en mati\u00e8re de gestion de la diversit\u00e9.","robots":{"index":"index","follow":"follow","max-snippet":"max-snippet:-1","max-image-preview":"max-image-preview:large","max-video-preview":"max-video-preview:-1"},"canonical":"https:\/\/cendrex.com\/fr\/cendrex-wins-the-2020-maurice-pollack-award\/","og_locale":"fr_CA","og_type":"article","og_title":"Cendrex remporte le prix Maurice-Pollack 2020! - Cendrex","og_description":"Cendrex remporte le prix Maurice-Pollack 2020 dans la cat\u00e9gorie PME, r\u00e9compensant ses actions exceptionnelles en mati\u00e8re de gestion de la diversit\u00e9.","og_url":"https:\/\/cendrex.com\/fr\/cendrex-wins-the-2020-maurice-pollack-award\/","og_site_name":"Cendrex","article_published_time":"2020-10-23T18:50:42+00:00","article_modified_time":"2026-01-30T18:40:50+00:00","og_image":[{"width":1980,"height":400,"url":"https:\/\/cendrex.com\/wp-content\/uploads\/2020\/10\/Photo_article-maurice-pollack_PME.png","type":"image\/png"}],"author":"servicestation","twitter_card":"summary_large_image","twitter_misc":{"\u00c9crit par":"servicestation","Estimation du temps de lecture":"2 minutes"},"schema":{"@context":"https:\/\/schema.org","@graph":[{"@type":"Article","@id":"https:\/\/cendrex.com\/fr\/cendrex-wins-the-2020-maurice-pollack-award\/#article","isPartOf":{"@id":"https:\/\/cendrex.com\/fr\/cendrex-wins-the-2020-maurice-pollack-award\/"},"author":{"name":"servicestation","@id":"https:\/\/cendrex.com\/en\/#\/schema\/person\/2c547519ea561de458a231c3f1170281"},"headline":"Cendrex remporte le prix Maurice-Pollack 2020!","datePublished":"2020-10-23T18:50:42+00:00","dateModified":"2026-01-30T18:40:50+00:00","mainEntityOfPage":{"@id":"https:\/\/cendrex.com\/fr\/cendrex-wins-the-2020-maurice-pollack-award\/"},"wordCount":380,"publisher":{"@id":"https:\/\/cendrex.com\/en\/#organization"},"image":{"@id":"https:\/\/cendrex.com\/fr\/cendrex-wins-the-2020-maurice-pollack-award\/#primaryimage"},"thumbnailUrl":"https:\/\/cendrex.com\/wp-content\/uploads\/2020\/10\/Photo_article-maurice-pollack_PME.png","articleSection":["G\u00e9n\u00e9rales"],"inLanguage":"fr-CA"},{"@type":"WebPage","@id":"https:\/\/cendrex.com\/fr\/cendrex-wins-the-2020-maurice-pollack-award\/","url":"https:\/\/cendrex.com\/fr\/cendrex-wins-the-2020-maurice-pollack-award\/","name":"Cendrex remporte le prix Maurice-Pollack 2020! - Cendrex","isPartOf":{"@id":"https:\/\/cendrex.com\/en\/#website"},"primaryImageOfPage":{"@id":"https:\/\/cendrex.com\/fr\/cendrex-wins-the-2020-maurice-pollack-award\/#primaryimage"},"image":{"@id":"https:\/\/cendrex.com\/fr\/cendrex-wins-the-2020-maurice-pollack-award\/#primaryimage"},"thumbnailUrl":"https:\/\/cendrex.com\/wp-content\/uploads\/2020\/10\/Photo_article-maurice-pollack_PME.png","datePublished":"2020-10-23T18:50:42+00:00","dateModified":"2026-01-30T18:40:50+00:00","description":"Cendrex remporte le prix Maurice-Pollack 2020 dans la cat\u00e9gorie PME, r\u00e9compensant ses actions exceptionnelles en mati\u00e8re de gestion de la diversit\u00e9.","inLanguage":"fr-CA","potentialAction":[{"@type":"ReadAction","target":["https:\/\/cendrex.com\/fr\/cendrex-wins-the-2020-maurice-pollack-award\/"]}]},{"@type":"ImageObject","inLanguage":"fr-CA","@id":"https:\/\/cendrex.com\/fr\/cendrex-wins-the-2020-maurice-pollack-award\/#primaryimage","url":"https:\/\/cendrex.com\/wp-content\/uploads\/2020\/10\/Photo_article-maurice-pollack_PME.png","contentUrl":"https:\/\/cendrex.com\/wp-content\/uploads\/2020\/10\/Photo_article-maurice-pollack_PME.png","width":1980,"height":400,"caption":"Photo article maurice pollack PME"},{"@type":"WebSite","@id":"https:\/\/cendrex.com\/en\/#website","url":"https:\/\/cendrex.com\/en\/","name":"Cendrex","description":"Fabricant de portes d&#039;acc\u00e8s","publisher":{"@id":"https:\/\/cendrex.com\/en\/#organization"},"potentialAction":[{"@type":"SearchAction","target":{"@type":"EntryPoint","urlTemplate":"https:\/\/cendrex.com\/en\/?s={search_term_string}"},"query-input":{"@type":"PropertyValueSpecification","valueRequired":true,"valueName":"search_term_string"}}],"inLanguage":"fr-CA"},{"@type":"Organization","@id":"https:\/\/cendrex.com\/en\/#organization","name":"Cendrex","url":"https:\/\/cendrex.com\/en\/","logo":{"@type":"ImageObject","inLanguage":"fr-CA","@id":"https:\/\/cendrex.com\/en\/#\/schema\/logo\/image\/","url":"https:\/\/cendrex.com\/wp-content\/uploads\/2021\/09\/Cendrex-logo-2018-PMS-scaled.jpg","contentUrl":"https:\/\/cendrex.com\/wp-content\/uploads\/2021\/09\/Cendrex-logo-2018-PMS-scaled.jpg","width":1200,"height":267,"caption":"Cendrex"},"image":{"@id":"https:\/\/cendrex.com\/en\/#\/schema\/logo\/image\/"}},{"@type":"Person","@id":"https:\/\/cendrex.com\/en\/#\/schema\/person\/2c547519ea561de458a231c3f1170281","name":"servicestation","image":{"@type":"ImageObject","inLanguage":"fr-CA","@id":"https:\/\/secure.gravatar.com\/avatar\/ba222de84c51080e597bef699a56316fc5258ec6976796b490d2b6c59e237edc?s=96&d=mm&r=g","url":"https:\/\/secure.gravatar.com\/avatar\/ba222de84c51080e597bef699a56316fc5258ec6976796b490d2b6c59e237edc?s=96&d=mm&r=g","contentUrl":"https:\/\/secure.gravatar.com\/avatar\/ba222de84c51080e597bef699a56316fc5258ec6976796b490d2b6c59e237edc?s=96&d=mm&r=g","caption":"servicestation"}}]}},"_links":{"self":[{"href":"https:\/\/cendrex.com\/fr\/wp-json\/wp\/v2\/posts\/27023","targetHints":{"allow":["GET"]}}],"collection":[{"href":"https:\/\/cendrex.com\/fr\/wp-json\/wp\/v2\/posts"}],"about":[{"href":"https:\/\/cendrex.com\/fr\/wp-json\/wp\/v2\/types\/post"}],"author":[{"embeddable":true,"href":"https:\/\/cendrex.com\/fr\/wp-json\/wp\/v2\/users\/6"}],"replies":[{"embeddable":true,"href":"https:\/\/cendrex.com\/fr\/wp-json\/wp\/v2\/comments?post=27023"}],"version-history":[{"count":3,"href":"https:\/\/cendrex.com\/fr\/wp-json\/wp\/v2\/posts\/27023\/revisions"}],"predecessor-version":[{"id":45797,"href":"https:\/\/cendrex.com\/fr\/wp-json\/wp\/v2\/posts\/27023\/revisions\/45797"}],"wp:featuredmedia":[{"embeddable":true,"href":"https:\/\/cendrex.com\/fr\/wp-json\/wp\/v2\/media\/27042"}],"wp:attachment":[{"href":"https:\/\/cendrex.com\/fr\/wp-json\/wp\/v2\/media?parent=27023"}],"wp:term":[{"taxonomy":"category","embeddable":true,"href":"https:\/\/cendrex.com\/fr\/wp-json\/wp\/v2\/categories?post=27023"},{"taxonomy":"post_tag","embeddable":true,"href":"https:\/\/cendrex.com\/fr\/wp-json\/wp\/v2\/tags?post=27023"}],"curies":[{"name":"wp","href":"https:\/\/api.w.org\/{rel}","templated":true}]}}