{"id":27940,"date":"2021-01-27T14:20:16","date_gmt":"2021-01-27T19:20:16","guid":{"rendered":"https:\/\/cendrex.p3f.dev\/?p=27940"},"modified":"2026-01-30T13:01:24","modified_gmt":"2026-01-30T18:01:24","slug":"les-industries-cendrex-inc-figurent-au-palmares-des-enterprises-au-feminin-pour-la-deuxieme-annee-consecutive","status":"publish","type":"post","link":"https:\/\/cendrex.com\/en\/les-industries-cendrex-inc-figurent-au-palmares-des-enterprises-au-feminin-pour-la-deuxieme-annee-consecutive\/","title":{"rendered":"Cendrex makes the Palmar\u00e8s des entreprises au f\u00e9minin for the second year in a row."},"content":{"rendered":"<h1>Les Industries Cendrex inc. figurent au Palmar\u00e8s des entreprises au f\u00e9minin pour la deuxi\u00e8me ann\u00e9e cons\u00e9cutive.<\/h1>\n<h4>This year, Cendrex once again has the honour of being named to the<a href=\"https:\/\/premieresenaffaires.com\/palmares\/palmares-entreprises-au-feminin-2021-f2lc5\" target=\"_blank\" rel=\"noopener noreferrer\"> <em>Palmar\u00e8s des entreprises au f\u00e9minin 2021<\/em><\/a>.<\/h4>\n<p>&nbsp;<\/p>\n<p>Organized by <a href=\"https:\/\/premieresenaffaires.com\/\" target=\"_blank\" rel=\"noopener noreferrer\"><em>Premi\u00e8res en affaires<\/em><\/a>, the unveiling of this second edition took place on the morning of January 26.<\/p>\n<p>&nbsp;<\/p>\n<p>The Palmar\u00e8s des entreprises au f\u00e9minin recognizes major women-led companies that support the growth and development of Qu\u00e9be&#8217;s economy and have sales in excess of $5 million.<\/p>\n<p>&nbsp;<\/p>\n<p>Cendrex is proud to be included in the Palmar\u00e8s des entreprises au f\u00e9minin, a benchmark in Qu\u00e9bec&#8217;s business community, and is grateful to <a href=\"https:\/\/www.cdpq.com\/fr\/actualites\/communiques\/deuxieme-edition-du-palmares-des-entreprises-au-feminin-du-quebec-110-pme-au\" target=\"_blank\" rel=\"noopener noreferrer\"><strong>the Caisse de d\u00e9p\u00f4t et placement du Qu\u00e9bec<\/strong><\/a> for this distinction.<\/p>\n<p>&nbsp;<\/p>\n<p>Francine Pomerleau, president of Cendrex, expresses her heartfelt appreciation to all members of her team. They are the reason the company is able to consistently excel by innovating and making its mark as a cutting-edge manufacturer of access panels and mailboxes.<\/p>\n<p>&nbsp;<\/p>\n<p>&#8220;Our success as an industry leader would not be possible without the outstanding work and service of our employees and executives,&#8221; she said. &#8220;From the outset, they have shared our fundamental values of respect, integrity, diligence, and continuous improvement. We also thank all of our business partners for their unwavering support.&#8221;<\/p>\n<p>&nbsp;<\/p>\n<p>The<a href=\"https:\/\/premieresenaffaires.com\/palmares\" target=\"_blank\" rel=\"noopener noreferrer\"> <em>Palmar\u00e8s des entreprises au f\u00e9minin<\/em><\/a> is presented by the Caisse de d\u00e9p\u00f4t et placement du Qu\u00e9bec. It was produced in collaboration with the Scotiabank Women Initiative and Inno-centre, the Government of Qu\u00e9bec, and Concordia University&#8217;s John Molson School of Business, with the support of the BDC, Femmessor, E&amp;Y and L\u00e9ger, and assistance from the Order of Qu\u00e9bec CPAs and the R\u00e9seau des femmes d&#8217;affaires du Qu\u00e9bec.<\/p>\n","protected":false},"excerpt":{"rendered":"<p>Cendrex is proud to be included in the Palmar\u00e8s des entreprises au f\u00e9minin, a benchmark in Qu\u00e9bec&#8217;s business community, and is grateful to the Caisse de d\u00e9p\u00f4t et placement du Qu\u00e9bec for this distinction.<\/p>\n","protected":false},"author":7,"featured_media":27891,"comment_status":"open","ping_status":"open","sticky":false,"template":"","format":"standard","meta":{"_acf_changed":false,"inline_featured_image":false,"footnotes":""},"categories":[125],"tags":[],"class_list":["post-27940","post","type-post","status-publish","format-standard","has-post-thumbnail","hentry","category-general"],"acf":[],"yoast_head":"<!-- This site is optimized with the Yoast SEO plugin v27.3 - https:\/\/yoast.com\/product\/yoast-seo-wordpress\/ -->\n<title>Cendrex makes the Palmar\u00e8s des entreprises au f\u00e9minin for the second year in a row. - Cendrex<\/title>\n<meta name=\"description\" content=\"Cendrex once again has the honour of being named to the Palmar\u00e8s des entreprises au f\u00e9minin 2021.\" \/>\n<meta name=\"robots\" content=\"index, follow, max-snippet:-1, max-image-preview:large, max-video-preview:-1\" \/>\n<link rel=\"canonical\" href=\"https:\/\/cendrex.com\/en\/les-industries-cendrex-inc-figurent-au-palmares-des-enterprises-au-feminin-pour-la-deuxieme-annee-consecutive\/\" \/>\n<meta property=\"og:locale\" content=\"en_US\" \/>\n<meta property=\"og:type\" content=\"article\" \/>\n<meta property=\"og:title\" content=\"Cendrex makes the Palmar\u00e8s des entreprises au f\u00e9minin for the second year in a row. - Cendrex\" \/>\n<meta property=\"og:description\" content=\"Cendrex once again has the honour of being named to the Palmar\u00e8s des entreprises au f\u00e9minin 2021.\" \/>\n<meta property=\"og:url\" content=\"https:\/\/cendrex.com\/en\/les-industries-cendrex-inc-figurent-au-palmares-des-enterprises-au-feminin-pour-la-deuxieme-annee-consecutive\/\" \/>\n<meta property=\"og:site_name\" content=\"Cendrex\" \/>\n<meta property=\"article:published_time\" content=\"2021-01-27T19:20:16+00:00\" \/>\n<meta property=\"article:modified_time\" content=\"2026-01-30T18:01:24+00:00\" \/>\n<meta property=\"og:image\" content=\"https:\/\/cendrex.com\/wp-content\/uploads\/2021\/01\/2571_Cendrex_RSJanvier_PremiereEnAffaire_Siteweb_VF.jpg\" \/>\n\t<meta property=\"og:image:width\" content=\"1980\" \/>\n\t<meta property=\"og:image:height\" content=\"400\" \/>\n\t<meta property=\"og:image:type\" content=\"image\/jpeg\" \/>\n<meta name=\"author\" content=\"Les industries Cendrex\" \/>\n<meta name=\"twitter:card\" content=\"summary_large_image\" \/>\n<meta name=\"twitter:label1\" content=\"Written by\" \/>\n\t<meta name=\"twitter:data1\" content=\"Les industries Cendrex\" \/>\n\t<meta name=\"twitter:label2\" content=\"Est. reading time\" \/>\n\t<meta name=\"twitter:data2\" content=\"2 minutes\" \/>\n<script type=\"application\/ld+json\" class=\"yoast-schema-graph\">{\"@context\":\"https:\\\/\\\/schema.org\",\"@graph\":[{\"@type\":\"Article\",\"@id\":\"https:\\\/\\\/cendrex.com\\\/en\\\/les-industries-cendrex-inc-figurent-au-palmares-des-enterprises-au-feminin-pour-la-deuxieme-annee-consecutive\\\/#article\",\"isPartOf\":{\"@id\":\"https:\\\/\\\/cendrex.com\\\/en\\\/les-industries-cendrex-inc-figurent-au-palmares-des-enterprises-au-feminin-pour-la-deuxieme-annee-consecutive\\\/\"},\"author\":{\"name\":\"Les industries Cendrex\",\"@id\":\"https:\\\/\\\/cendrex.com\\\/en\\\/#\\\/schema\\\/person\\\/fe95885e673dc7c8bf6855963c264472\"},\"headline\":\"Cendrex makes the Palmar\u00e8s des entreprises au f\u00e9minin for the second year in a row.\",\"datePublished\":\"2021-01-27T19:20:16+00:00\",\"dateModified\":\"2026-01-30T18:01:24+00:00\",\"mainEntityOfPage\":{\"@id\":\"https:\\\/\\\/cendrex.com\\\/en\\\/les-industries-cendrex-inc-figurent-au-palmares-des-enterprises-au-feminin-pour-la-deuxieme-annee-consecutive\\\/\"},\"wordCount\":327,\"commentCount\":0,\"publisher\":{\"@id\":\"https:\\\/\\\/cendrex.com\\\/en\\\/#organization\"},\"image\":{\"@id\":\"https:\\\/\\\/cendrex.com\\\/en\\\/les-industries-cendrex-inc-figurent-au-palmares-des-enterprises-au-feminin-pour-la-deuxieme-annee-consecutive\\\/#primaryimage\"},\"thumbnailUrl\":\"https:\\\/\\\/cendrex.com\\\/wp-content\\\/uploads\\\/2021\\\/01\\\/2571_Cendrex_RSJanvier_PremiereEnAffaire_Siteweb_VF.jpg\",\"articleSection\":[\"General\"],\"inLanguage\":\"en-CA\",\"potentialAction\":[{\"@type\":\"CommentAction\",\"name\":\"Comment\",\"target\":[\"https:\\\/\\\/cendrex.com\\\/en\\\/les-industries-cendrex-inc-figurent-au-palmares-des-enterprises-au-feminin-pour-la-deuxieme-annee-consecutive\\\/#respond\"]}]},{\"@type\":\"WebPage\",\"@id\":\"https:\\\/\\\/cendrex.com\\\/en\\\/les-industries-cendrex-inc-figurent-au-palmares-des-enterprises-au-feminin-pour-la-deuxieme-annee-consecutive\\\/\",\"url\":\"https:\\\/\\\/cendrex.com\\\/en\\\/les-industries-cendrex-inc-figurent-au-palmares-des-enterprises-au-feminin-pour-la-deuxieme-annee-consecutive\\\/\",\"name\":\"Cendrex makes the Palmar\u00e8s des entreprises au f\u00e9minin for the second year in a row. - Cendrex\",\"isPartOf\":{\"@id\":\"https:\\\/\\\/cendrex.com\\\/en\\\/#website\"},\"primaryImageOfPage\":{\"@id\":\"https:\\\/\\\/cendrex.com\\\/en\\\/les-industries-cendrex-inc-figurent-au-palmares-des-enterprises-au-feminin-pour-la-deuxieme-annee-consecutive\\\/#primaryimage\"},\"image\":{\"@id\":\"https:\\\/\\\/cendrex.com\\\/en\\\/les-industries-cendrex-inc-figurent-au-palmares-des-enterprises-au-feminin-pour-la-deuxieme-annee-consecutive\\\/#primaryimage\"},\"thumbnailUrl\":\"https:\\\/\\\/cendrex.com\\\/wp-content\\\/uploads\\\/2021\\\/01\\\/2571_Cendrex_RSJanvier_PremiereEnAffaire_Siteweb_VF.jpg\",\"datePublished\":\"2021-01-27T19:20:16+00:00\",\"dateModified\":\"2026-01-30T18:01:24+00:00\",\"description\":\"Cendrex once again has the honour of being named to the Palmar\u00e8s des entreprises au f\u00e9minin 2021.\",\"inLanguage\":\"en-CA\",\"potentialAction\":[{\"@type\":\"ReadAction\",\"target\":[\"https:\\\/\\\/cendrex.com\\\/en\\\/les-industries-cendrex-inc-figurent-au-palmares-des-enterprises-au-feminin-pour-la-deuxieme-annee-consecutive\\\/\"]}]},{\"@type\":\"ImageObject\",\"inLanguage\":\"en-CA\",\"@id\":\"https:\\\/\\\/cendrex.com\\\/en\\\/les-industries-cendrex-inc-figurent-au-palmares-des-enterprises-au-feminin-pour-la-deuxieme-annee-consecutive\\\/#primaryimage\",\"url\":\"https:\\\/\\\/cendrex.com\\\/wp-content\\\/uploads\\\/2021\\\/01\\\/2571_Cendrex_RSJanvier_PremiereEnAffaire_Siteweb_VF.jpg\",\"contentUrl\":\"https:\\\/\\\/cendrex.com\\\/wp-content\\\/uploads\\\/2021\\\/01\\\/2571_Cendrex_RSJanvier_PremiereEnAffaire_Siteweb_VF.jpg\",\"width\":1980,\"height\":400,\"caption\":\"2571 Cendrex RSJanvier PremiereEnAffaire Siteweb VF\"},{\"@type\":\"WebSite\",\"@id\":\"https:\\\/\\\/cendrex.com\\\/en\\\/#website\",\"url\":\"https:\\\/\\\/cendrex.com\\\/en\\\/\",\"name\":\"Cendrex\",\"description\":\"Fabricant de portes d&#039;acc\u00e8s\",\"publisher\":{\"@id\":\"https:\\\/\\\/cendrex.com\\\/en\\\/#organization\"},\"potentialAction\":[{\"@type\":\"SearchAction\",\"target\":{\"@type\":\"EntryPoint\",\"urlTemplate\":\"https:\\\/\\\/cendrex.com\\\/en\\\/?s={search_term_string}\"},\"query-input\":{\"@type\":\"PropertyValueSpecification\",\"valueRequired\":true,\"valueName\":\"search_term_string\"}}],\"inLanguage\":\"en-CA\"},{\"@type\":\"Organization\",\"@id\":\"https:\\\/\\\/cendrex.com\\\/en\\\/#organization\",\"name\":\"Cendrex\",\"url\":\"https:\\\/\\\/cendrex.com\\\/en\\\/\",\"logo\":{\"@type\":\"ImageObject\",\"inLanguage\":\"en-CA\",\"@id\":\"https:\\\/\\\/cendrex.com\\\/en\\\/#\\\/schema\\\/logo\\\/image\\\/\",\"url\":\"https:\\\/\\\/cendrex.com\\\/wp-content\\\/uploads\\\/2021\\\/09\\\/Cendrex-logo-2018-PMS-scaled.jpg\",\"contentUrl\":\"https:\\\/\\\/cendrex.com\\\/wp-content\\\/uploads\\\/2021\\\/09\\\/Cendrex-logo-2018-PMS-scaled.jpg\",\"width\":1200,\"height\":267,\"caption\":\"Cendrex\"},\"image\":{\"@id\":\"https:\\\/\\\/cendrex.com\\\/en\\\/#\\\/schema\\\/logo\\\/image\\\/\"}},{\"@type\":\"Person\",\"@id\":\"https:\\\/\\\/cendrex.com\\\/en\\\/#\\\/schema\\\/person\\\/fe95885e673dc7c8bf6855963c264472\",\"name\":\"Les industries Cendrex\",\"image\":{\"@type\":\"ImageObject\",\"inLanguage\":\"en-CA\",\"@id\":\"https:\\\/\\\/secure.gravatar.com\\\/avatar\\\/216b30b942a3f0bc5355ceaa0aaff10f5b24b1ee1471655fed5157bb226bd220?s=96&d=mm&r=g\",\"url\":\"https:\\\/\\\/secure.gravatar.com\\\/avatar\\\/216b30b942a3f0bc5355ceaa0aaff10f5b24b1ee1471655fed5157bb226bd220?s=96&d=mm&r=g\",\"contentUrl\":\"https:\\\/\\\/secure.gravatar.com\\\/avatar\\\/216b30b942a3f0bc5355ceaa0aaff10f5b24b1ee1471655fed5157bb226bd220?s=96&d=mm&r=g\",\"caption\":\"Les industries Cendrex\"}}]}<\/script>\n<!-- \/ Yoast SEO plugin. -->","yoast_head_json":{"title":"Cendrex makes the Palmar\u00e8s des entreprises au f\u00e9minin for the second year in a row. - Cendrex","description":"Cendrex once again has the honour of being named to the Palmar\u00e8s des entreprises au f\u00e9minin 2021.","robots":{"index":"index","follow":"follow","max-snippet":"max-snippet:-1","max-image-preview":"max-image-preview:large","max-video-preview":"max-video-preview:-1"},"canonical":"https:\/\/cendrex.com\/en\/les-industries-cendrex-inc-figurent-au-palmares-des-enterprises-au-feminin-pour-la-deuxieme-annee-consecutive\/","og_locale":"en_US","og_type":"article","og_title":"Cendrex makes the Palmar\u00e8s des entreprises au f\u00e9minin for the second year in a row. - Cendrex","og_description":"Cendrex once again has the honour of being named to the Palmar\u00e8s des entreprises au f\u00e9minin 2021.","og_url":"https:\/\/cendrex.com\/en\/les-industries-cendrex-inc-figurent-au-palmares-des-enterprises-au-feminin-pour-la-deuxieme-annee-consecutive\/","og_site_name":"Cendrex","article_published_time":"2021-01-27T19:20:16+00:00","article_modified_time":"2026-01-30T18:01:24+00:00","og_image":[{"width":1980,"height":400,"url":"https:\/\/cendrex.com\/wp-content\/uploads\/2021\/01\/2571_Cendrex_RSJanvier_PremiereEnAffaire_Siteweb_VF.jpg","type":"image\/jpeg"}],"author":"Les industries Cendrex","twitter_card":"summary_large_image","twitter_misc":{"Written by":"Les industries Cendrex","Est. reading time":"2 minutes"},"schema":{"@context":"https:\/\/schema.org","@graph":[{"@type":"Article","@id":"https:\/\/cendrex.com\/en\/les-industries-cendrex-inc-figurent-au-palmares-des-enterprises-au-feminin-pour-la-deuxieme-annee-consecutive\/#article","isPartOf":{"@id":"https:\/\/cendrex.com\/en\/les-industries-cendrex-inc-figurent-au-palmares-des-enterprises-au-feminin-pour-la-deuxieme-annee-consecutive\/"},"author":{"name":"Les industries Cendrex","@id":"https:\/\/cendrex.com\/en\/#\/schema\/person\/fe95885e673dc7c8bf6855963c264472"},"headline":"Cendrex makes the Palmar\u00e8s des entreprises au f\u00e9minin for the second year in a row.","datePublished":"2021-01-27T19:20:16+00:00","dateModified":"2026-01-30T18:01:24+00:00","mainEntityOfPage":{"@id":"https:\/\/cendrex.com\/en\/les-industries-cendrex-inc-figurent-au-palmares-des-enterprises-au-feminin-pour-la-deuxieme-annee-consecutive\/"},"wordCount":327,"commentCount":0,"publisher":{"@id":"https:\/\/cendrex.com\/en\/#organization"},"image":{"@id":"https:\/\/cendrex.com\/en\/les-industries-cendrex-inc-figurent-au-palmares-des-enterprises-au-feminin-pour-la-deuxieme-annee-consecutive\/#primaryimage"},"thumbnailUrl":"https:\/\/cendrex.com\/wp-content\/uploads\/2021\/01\/2571_Cendrex_RSJanvier_PremiereEnAffaire_Siteweb_VF.jpg","articleSection":["General"],"inLanguage":"en-CA","potentialAction":[{"@type":"CommentAction","name":"Comment","target":["https:\/\/cendrex.com\/en\/les-industries-cendrex-inc-figurent-au-palmares-des-enterprises-au-feminin-pour-la-deuxieme-annee-consecutive\/#respond"]}]},{"@type":"WebPage","@id":"https:\/\/cendrex.com\/en\/les-industries-cendrex-inc-figurent-au-palmares-des-enterprises-au-feminin-pour-la-deuxieme-annee-consecutive\/","url":"https:\/\/cendrex.com\/en\/les-industries-cendrex-inc-figurent-au-palmares-des-enterprises-au-feminin-pour-la-deuxieme-annee-consecutive\/","name":"Cendrex makes the Palmar\u00e8s des entreprises au f\u00e9minin for the second year in a row. - Cendrex","isPartOf":{"@id":"https:\/\/cendrex.com\/en\/#website"},"primaryImageOfPage":{"@id":"https:\/\/cendrex.com\/en\/les-industries-cendrex-inc-figurent-au-palmares-des-enterprises-au-feminin-pour-la-deuxieme-annee-consecutive\/#primaryimage"},"image":{"@id":"https:\/\/cendrex.com\/en\/les-industries-cendrex-inc-figurent-au-palmares-des-enterprises-au-feminin-pour-la-deuxieme-annee-consecutive\/#primaryimage"},"thumbnailUrl":"https:\/\/cendrex.com\/wp-content\/uploads\/2021\/01\/2571_Cendrex_RSJanvier_PremiereEnAffaire_Siteweb_VF.jpg","datePublished":"2021-01-27T19:20:16+00:00","dateModified":"2026-01-30T18:01:24+00:00","description":"Cendrex once again has the honour of being named to the Palmar\u00e8s des entreprises au f\u00e9minin 2021.","inLanguage":"en-CA","potentialAction":[{"@type":"ReadAction","target":["https:\/\/cendrex.com\/en\/les-industries-cendrex-inc-figurent-au-palmares-des-enterprises-au-feminin-pour-la-deuxieme-annee-consecutive\/"]}]},{"@type":"ImageObject","inLanguage":"en-CA","@id":"https:\/\/cendrex.com\/en\/les-industries-cendrex-inc-figurent-au-palmares-des-enterprises-au-feminin-pour-la-deuxieme-annee-consecutive\/#primaryimage","url":"https:\/\/cendrex.com\/wp-content\/uploads\/2021\/01\/2571_Cendrex_RSJanvier_PremiereEnAffaire_Siteweb_VF.jpg","contentUrl":"https:\/\/cendrex.com\/wp-content\/uploads\/2021\/01\/2571_Cendrex_RSJanvier_PremiereEnAffaire_Siteweb_VF.jpg","width":1980,"height":400,"caption":"2571 Cendrex RSJanvier PremiereEnAffaire Siteweb VF"},{"@type":"WebSite","@id":"https:\/\/cendrex.com\/en\/#website","url":"https:\/\/cendrex.com\/en\/","name":"Cendrex","description":"Fabricant de portes d&#039;acc\u00e8s","publisher":{"@id":"https:\/\/cendrex.com\/en\/#organization"},"potentialAction":[{"@type":"SearchAction","target":{"@type":"EntryPoint","urlTemplate":"https:\/\/cendrex.com\/en\/?s={search_term_string}"},"query-input":{"@type":"PropertyValueSpecification","valueRequired":true,"valueName":"search_term_string"}}],"inLanguage":"en-CA"},{"@type":"Organization","@id":"https:\/\/cendrex.com\/en\/#organization","name":"Cendrex","url":"https:\/\/cendrex.com\/en\/","logo":{"@type":"ImageObject","inLanguage":"en-CA","@id":"https:\/\/cendrex.com\/en\/#\/schema\/logo\/image\/","url":"https:\/\/cendrex.com\/wp-content\/uploads\/2021\/09\/Cendrex-logo-2018-PMS-scaled.jpg","contentUrl":"https:\/\/cendrex.com\/wp-content\/uploads\/2021\/09\/Cendrex-logo-2018-PMS-scaled.jpg","width":1200,"height":267,"caption":"Cendrex"},"image":{"@id":"https:\/\/cendrex.com\/en\/#\/schema\/logo\/image\/"}},{"@type":"Person","@id":"https:\/\/cendrex.com\/en\/#\/schema\/person\/fe95885e673dc7c8bf6855963c264472","name":"Les industries Cendrex","image":{"@type":"ImageObject","inLanguage":"en-CA","@id":"https:\/\/secure.gravatar.com\/avatar\/216b30b942a3f0bc5355ceaa0aaff10f5b24b1ee1471655fed5157bb226bd220?s=96&d=mm&r=g","url":"https:\/\/secure.gravatar.com\/avatar\/216b30b942a3f0bc5355ceaa0aaff10f5b24b1ee1471655fed5157bb226bd220?s=96&d=mm&r=g","contentUrl":"https:\/\/secure.gravatar.com\/avatar\/216b30b942a3f0bc5355ceaa0aaff10f5b24b1ee1471655fed5157bb226bd220?s=96&d=mm&r=g","caption":"Les industries Cendrex"}}]}},"_links":{"self":[{"href":"https:\/\/cendrex.com\/en\/wp-json\/wp\/v2\/posts\/27940","targetHints":{"allow":["GET"]}}],"collection":[{"href":"https:\/\/cendrex.com\/en\/wp-json\/wp\/v2\/posts"}],"about":[{"href":"https:\/\/cendrex.com\/en\/wp-json\/wp\/v2\/types\/post"}],"author":[{"embeddable":true,"href":"https:\/\/cendrex.com\/en\/wp-json\/wp\/v2\/users\/7"}],"replies":[{"embeddable":true,"href":"https:\/\/cendrex.com\/en\/wp-json\/wp\/v2\/comments?post=27940"}],"version-history":[{"count":7,"href":"https:\/\/cendrex.com\/en\/wp-json\/wp\/v2\/posts\/27940\/revisions"}],"predecessor-version":[{"id":45794,"href":"https:\/\/cendrex.com\/en\/wp-json\/wp\/v2\/posts\/27940\/revisions\/45794"}],"wp:featuredmedia":[{"embeddable":true,"href":"https:\/\/cendrex.com\/en\/wp-json\/wp\/v2\/media\/27891"}],"wp:attachment":[{"href":"https:\/\/cendrex.com\/en\/wp-json\/wp\/v2\/media?parent=27940"}],"wp:term":[{"taxonomy":"category","embeddable":true,"href":"https:\/\/cendrex.com\/en\/wp-json\/wp\/v2\/categories?post=27940"},{"taxonomy":"post_tag","embeddable":true,"href":"https:\/\/cendrex.com\/en\/wp-json\/wp\/v2\/tags?post=27940"}],"curies":[{"name":"wp","href":"https:\/\/api.w.org\/{rel}","templated":true}]}}